{"id":590,"date":"2025-01-16T19:35:11","date_gmt":"2025-01-16T19:35:11","guid":{"rendered":"https:\/\/noapuertobaru.com\/?p=590"},"modified":"2025-02-26T13:11:04","modified_gmt":"2025-02-26T13:11:04","slug":"protest-against-proposed-plans-for-puerto-baru","status":"publish","type":"post","link":"https:\/\/noapuertobaru.com\/en\/articles-2\/protest-against-proposed-plans-for-puerto-baru\/","title":{"rendered":"Protest against proposed plans for Puerto Baru"},"content":{"rendered":"<ul>\n<li>\n<p>        <img decoding=\"async\" src=\"\/wp-content\/uploads\/2025\/01\/Environmental-coalition-gathers-to-protest-Puerto-Baru-scaled.jpg\" alt=\"\"><\/p>\n<h3>Environmental coalition gathers to protest Puerto Baru<\/h3>\n<\/li>\n<li>\n<p>        <img decoding=\"async\" src=\"\/wp-content\/uploads\/2025\/01\/Protestors-gather-at-Puerto-Barus-proposed-location.jpg\" alt=\"\"><\/p>\n<h3>Protestors gather at Puerto Baru\u2019s proposed location<\/h3>\n<\/li>\n<li>\n<p>        <img decoding=\"async\" src=\"\/wp-content\/uploads\/2025\/01\/Protests-take-place-at-Puerto-Baru-scaled.jpg\" alt=\"\"><\/p>\n<h3>Protests take place at Puerto Baru<\/h3>\n<\/li>\n<li>\n<p>        <img decoding=\"async\" src=\"\/wp-content\/uploads\/2025\/01\/Protests-at-proposed-Puerto-Baru-site-scaled.jpg\" alt=\"\"><\/p>\n<h3>Protests at proposed Puerto Baru site<\/h3>\n<\/li>\n<\/ul>\n<h1>Protesta contra los planes propuestos para Puerto Bar\u00fa<\/h1>\n<div>\n<p>Guido Berguido, bi\u00f3logo y director de Adopta Bosque, una de m\u00e1s de 50 organizaciones que se oponen a Puerto Bar\u00fa en David, dijo:<\/p>\n<p>\u201cEl pueblo de Panam\u00e1 debe saber que nuestros preciosos manglares y algunas especies en peligro cr\u00edtico podr\u00edan verse afectadas para siempre. El hecho de que el ministro de Ambiente, el se\u00f1or Juan Carlos Navarro, haya tenido que hacer preguntas b\u00e1sicas sobre el proyecto de Puerto Bar\u00fa es clara se\u00f1al de que es urgente efectuar un mayor escrutinio de los planes.\u00bb<\/p>\n<p>\u201cFue decepcionante ver al administrador de la AMP, Luis Alberto Roquebert V., asistir al evento de lanzamiento de Puerto Bar\u00fa apenas unos d\u00edas despu\u00e9s de la firma de un Acuerdo de Cooperaci\u00f3n Interinstitucional para la protecci\u00f3n de los oc\u00e9anos y el medio ambiente marino con MiAmbiente.<\/p>\n<p>\u201cPanam\u00e1 es conocido mundialmente por su profunda preocupaci\u00f3n por el medio ambiente. Sin embargo, este proyecto no ha sido sometido a una evaluaci\u00f3n de fondo, lo que genera incertidumbre, incluso entre los miembros de mayor jerarqu\u00eda del gobierno.<\/p>\n<p>\u201cLos promotores del proyecto act\u00faan como si estuvieran en la recta final. Pero hay una demanda en curso en la Corte Suprema y permisos pendientes, que se requieren para que el puerto sea funcional.<\/p>\n<p>\u201cQueremos ver desarrollo, al igual que todos, en Chiriqu\u00ed y en el pa\u00eds, pero esto debe hacerse preservando nuestros pr\u00edstinos ecosistemas y el sustento de las comunidades locales. En nuestra opini\u00f3n, Puerto Bar\u00fa David no es desarrollo sostenible, es todo lo contrario.\u201d<\/p>\n<\/div>\n<p><video src=\"\/wp-content\/uploads\/2025\/01\/protestawithmusic.mp4\" poster=\"\/wp-content\/uploads\/2025\/01\/Environmental-coalition-gathers-to-protest-Puerto-Baru-scaled.jpg\"><\/video><\/p>\n<div>\n<h2>Puerto Bar\u00fa: Las preguntas sin respuesta<\/h2>\n<p>El 4 de enero, el Ministro de Ambiente, el Sr. Juan Carlos Navarro, plante\u00f3 preguntas simples sobre el proyecto y su impacto ambiental.<\/p>\n<p>Estas preguntas deber\u00edan ser f\u00e1ciles de responder para los desarrolladores del puerto.<\/p>\n<p>Estas preguntas fueron pasadas por alto por el gobierno anterior y creemos que est\u00e1n mal abordadas por el actual <a href=\"https:\/\/noapuertobaru.com\/en\/press-release\/environmental-damage-report-puerto-baru\/\">Estudio de Impacto Ambiental (EIA) de Puerto Bar\u00fa<\/a>.<\/p>\n<p>Por eso es necesario reexaminar urgentemente el EIA.<\/p>\n<p>La firma l\u00edder en modelado ambiental de EE.UU., Lynker, <a href=\"https:\/\/noapuertobaru.com\/en\/articles-2\/we-answer-minister-navarros-questions-on-puerto-baru\/\">ha respondido a las preguntas del ministro sobre el puerto<\/a>.<\/p>\n<\/div>\n<p><!--more--><br \/>\n<!-- {\"type\":\"layout\",\"children\":[{\"type\":\"section\",\"props\":{\"header_transparent\":true,\"header_transparent_noplaceholder\":true,\"header_transparent_text_color\":\"light\",\"height\":\"viewport\",\"height_viewport\":60,\"image_effect\":\"parallax\",\"image_parallax_bgy\":\"-100,100\",\"image_position\":\"top-center\",\"image_size\":\"cover\",\"media_overlay\":\"rgba(0, 0, 0, 0.16)\",\"padding_remove_top\":true,\"style\":\"default\",\"title_breakpoint\":\"xl\",\"title_position\":\"top-left\",\"title_rotation\":\"left\",\"vertical_align\":\"middle\",\"width\":\"\"},\"children\":[{\"type\":\"row\",\"children\":[{\"type\":\"column\",\"props\":{\"image_position\":\"center-center\",\"position_sticky_breakpoint\":\"m\"},\"children\":[{\"type\":\"slideshow\",\"props\":{\"link_style\":\"default\",\"link_text\":\"Read more\",\"margin\":\"default\",\"meta_align\":\"below-title\",\"meta_element\":\"div\",\"meta_style\":\"text-meta\",\"nav\":\"dotnav\",\"nav_align\":\"center\",\"nav_breakpoint\":\"s\",\"nav_position\":\"bottom-center\",\"nav_position_margin\":\"medium\",\"overlay_animation\":\"parallax\",\"overlay_position\":\"center-left\",\"show_content\":true,\"show_link\":false,\"show_meta\":false,\"show_thumbnail\":true,\"show_title\":false,\"slidenav\":\"default\",\"slidenav_breakpoint\":\"s\",\"slidenav_margin\":\"medium\",\"slidenav_outside_breakpoint\":\"xl\",\"slideshow_autoplay\":true,\"slideshow_autoplay_interval\":\"5\",\"slideshow_autoplay_pause\":true,\"slideshow_height\":\"section\",\"slideshow_min_height\":\"550\",\"thumbnav_height\":\"75\",\"thumbnav_svg_color\":\"emphasis\",\"thumbnav_width\":\"100\",\"title_element\":\"h3\"},\"children\":[{\"type\":\"slideshow_item\",\"props\":{\"image\":\"wp-content\\\/uploads\\\/2025\\\/01\\\/Environmental-coalition-gathers-to-protest-Puerto-Baru-scaled.jpg\",\"title\":\"Environmental coalition gathers to protest Puerto Baru\"}},{\"type\":\"slideshow_item\",\"props\":{\"image\":\"wp-content\\\/uploads\\\/2025\\\/01\\\/Protestors-gather-at-Puerto-Barus-proposed-location.jpg\",\"title\":\"Protestors gather at Puerto Baru\\u2019s proposed location\"}},{\"type\":\"slideshow_item\",\"props\":{\"image\":\"wp-content\\\/uploads\\\/2025\\\/01\\\/Protests-take-place-at-Puerto-Baru-scaled.jpg\",\"title\":\"Protests take place at Puerto Baru\"}},{\"type\":\"slideshow_item\",\"props\":{\"image\":\"wp-content\\\/uploads\\\/2025\\\/01\\\/Protests-at-proposed-Puerto-Baru-site-scaled.jpg\",\"title\":\"Protests at proposed Puerto Baru site\"}}]}]}]}],\"name\":\"hero\"},{\"type\":\"section\",\"props\":{\"image_position\":\"center-center\",\"style\":\"default\",\"title_breakpoint\":\"xl\",\"title_position\":\"top-left\",\"title_rotation\":\"left\",\"vertical_align\":\"middle\",\"width\":\"default\"},\"children\":[{\"type\":\"row\",\"children\":[{\"type\":\"column\",\"props\":{\"image_position\":\"center-center\",\"position_sticky_breakpoint\":\"m\",\"width_medium\":\"3-5\"},\"children\":[{\"type\":\"headline\",\"props\":{\"content\":\"Protesta contra los planes propuestos para Puerto Bar\\u00fa\",\"title_element\":\"h1\"}},{\"type\":\"text\",\"props\":{\"column_breakpoint\":\"m\",\"content\":\"\n\n<p>Guido Berguido, bi\\u00f3logo y director de Adopta Bosque, una de m\\u00e1s de 50 organizaciones que se oponen a Puerto Bar\\u00fa en David, dijo:<\\\/p>\\n\n\n<p>\\u201cEl pueblo de Panam\\u00e1 debe saber que nuestros preciosos manglares y algunas especies en peligro cr\\u00edtico podr\\u00edan verse afectadas para siempre. El hecho de que el ministro de Ambiente, el se\\u00f1or Juan Carlos Navarro, haya tenido que hacer preguntas b\\u00e1sicas sobre el proyecto de Puerto Bar\\u00fa es clara se\\u00f1al de que es urgente efectuar un mayor escrutinio de los planes.\\\"<\\\/p>\\n\n\n<p>\\u201cFue decepcionante ver al administrador de la AMP, Luis Alberto Roquebert V., asistir al evento de lanzamiento de Puerto Bar\\u00fa apenas unos d\\u00edas despu\\u00e9s de la firma de un Acuerdo de Cooperaci\\u00f3n Interinstitucional para la protecci\\u00f3n de los oc\\u00e9anos y el medio ambiente marino con MiAmbiente.<\\\/p>\\n\n\n<p>\\u201cPanam\\u00e1 es conocido mundialmente por su profunda preocupaci\\u00f3n por el medio ambiente. Sin embargo, este proyecto no ha sido sometido a una evaluaci\\u00f3n de fondo, lo que genera incertidumbre, incluso entre los miembros de mayor jerarqu\\u00eda del gobierno.<\\\/p>\\n\n\n<p>\\u201cLos promotores del proyecto act\\u00faan como si estuvieran en la recta final. Pero hay una demanda en curso en la Corte Suprema y permisos pendientes, que se requieren para que el puerto sea funcional.<\\\/p>\\n\n\n<p>\\u201cQueremos ver desarrollo, al igual que todos, en Chiriqu\\u00ed y en el pa\\u00eds, pero esto debe hacerse preservando nuestros pr\\u00edstinos ecosistemas y el sustento de las comunidades locales. En nuestra opini\\u00f3n, Puerto Bar\\u00fa David no es desarrollo sostenible, es todo lo contrario.\\u201d<\\\/p>\",\"margin\":\"default\"}}]},{\"type\":\"column\",\"props\":{\"image_position\":\"center-center\",\"position_sticky_breakpoint\":\"m\",\"width_medium\":\"2-5\"},\"children\":[{\"type\":\"video\",\"props\":{\"height_expand\":false,\"margin\":\"default\",\"video\":\"wp-content\\\/uploads\\\/2025\\\/01\\\/protestawithmusic.mp4\",\"video_autoplay\":\"inview\",\"video_controls\":true,\"video_height\":\"1900\",\"video_lazyload\":true,\"video_loop\":false,\"video_muted\":false,\"video_playsinline\":true,\"video_poster\":\"wp-content\\\/uploads\\\/2025\\\/01\\\/Environmental-coalition-gathers-to-protest-Puerto-Baru-scaled.jpg\",\"video_width\":\"800\"}}]}],\"props\":{\"layout\":\"3-5,2-5\"}},{\"type\":\"row\",\"children\":[{\"type\":\"column\",\"props\":{\"image_position\":\"center-center\",\"position_sticky_breakpoint\":\"m\"},\"children\":[{\"type\":\"text\",\"props\":{\"column_breakpoint\":\"m\",\"content\":\"\n\n<h2>Puerto Bar\\u00fa: Las preguntas sin respuesta<\\\/h2>\\n\n\n<p>El 4 de enero, el Ministro de Ambiente, el Sr. Juan Carlos Navarro, plante\\u00f3 preguntas simples sobre el proyecto y su impacto ambiental.<\\\/p>\\n\n\n<p>Estas preguntas deber\\u00edan ser f\\u00e1ciles de responder para los desarrolladores del puerto.<\\\/p>\\n\n\n<p>Estas preguntas fueron pasadas por alto por el gobierno anterior y creemos que est\\u00e1n mal abordadas por el actual <a href=\\\"https:\\\/\\\/noapuertobaru.com\\\/en\\\/press-release\\\/environmental-damage-report-puerto-baru\\\/\\\">Estudio de Impacto Ambiental (EIA) de Puerto Bar\\u00fa<\\\/a>.<\\\/p>\\n\n\n<p>Por eso es necesario reexaminar urgentemente el EIA.<\\\/p>\\n\n\n<p>La firma l\\u00edder en modelado ambiental de EE.UU., Lynker, <a href=\\\"https:\\\/\\\/noapuertobaru.com\\\/en\\\/articles-2\\\/we-answer-minister-navarros-questions-on-puerto-baru\\\/\\\">ha respondido a las preguntas del ministro sobre el puerto<\\\/a>.<\\\/p>\",\"margin\":\"default\"}}]}]}]}],\"version\":\"4.4.16\"} --><\/p>\n","protected":false},"excerpt":{"rendered":"<p>Environmental coalition gathers to protest Puerto Baru Protestors gather at Puerto Baru\u2019s proposed location Protests take place at Puerto Baru Protests at proposed Puerto Baru site Protesta contra los planes propuestos para Puerto Bar\u00fa Guido Berguido, bi\u00f3logo y director de Adopta Bosque, una de m\u00e1s de 50 organizaciones que se oponen a Puerto Bar\u00fa en [&hellip;]<\/p>\n","protected":false},"author":1,"featured_media":597,"comment_status":"closed","ping_status":"closed","sticky":false,"template":"","format":"standard","meta":{"_acf_changed":false,"footnotes":""},"categories":[1],"tags":[6],"class_list":["post-590","post","type-post","status-publish","format-standard","has-post-thumbnail","hentry","category-articulos","tag-puerto-baru"],"acf":[],"yoast_head":"<!-- This site is optimized with the Yoast SEO plugin v27.5 - https:\/\/yoast.com\/product\/yoast-seo-wordpress\/ -->\n<title>Protesta contra los planes propuestos para Puerto Bar\u00fa - No a Puerto Bar&uacute;<\/title>\n<meta name=\"description\" content=\"Protesting the proposed Puerto Bar\u00fa plans\" \/>\n<meta name=\"robots\" content=\"index, follow, max-snippet:-1, max-image-preview:large, max-video-preview:-1\" \/>\n<link rel=\"canonical\" href=\"https:\/\/noapuertobaru.com\/en\/articles-2\/protest-against-proposed-plans-for-puerto-baru\/\" \/>\n<meta property=\"og:locale\" content=\"en_GB\" \/>\n<meta property=\"og:type\" content=\"article\" \/>\n<meta property=\"og:title\" content=\"Protesta contra los planes propuestos para Puerto Bar\u00fa - No a Puerto Bar&uacute;\" \/>\n<meta property=\"og:description\" content=\"Protesting the proposed Puerto Bar\u00fa plans\" \/>\n<meta property=\"og:url\" content=\"https:\/\/noapuertobaru.com\/en\/articles-2\/protest-against-proposed-plans-for-puerto-baru\/\" \/>\n<meta property=\"og:site_name\" content=\"No a Puerto Bar&uacute;\" \/>\n<meta property=\"article:published_time\" content=\"2025-01-16T19:35:11+00:00\" \/>\n<meta property=\"article:modified_time\" content=\"2025-02-26T13:11:04+00:00\" \/>\n<meta property=\"og:image\" content=\"https:\/\/noapuertobaru.com\/wp-content\/uploads\/2025\/01\/Protestors-gather-at-Puerto-Barus-proposed-location.jpg\" \/>\n\t<meta property=\"og:image:width\" content=\"1280\" \/>\n\t<meta property=\"og:image:height\" content=\"960\" \/>\n\t<meta property=\"og:image:type\" content=\"image\/jpeg\" \/>\n<meta name=\"author\" content=\"No A Puerto Baru\" \/>\n<meta name=\"twitter:card\" content=\"summary_large_image\" \/>\n<meta name=\"twitter:label1\" content=\"Written by\" \/>\n\t<meta name=\"twitter:data1\" content=\"No A Puerto Baru\" \/>\n\t<meta name=\"twitter:label2\" content=\"Estimated reading time\" \/>\n\t<meta name=\"twitter:data2\" content=\"3 minutes\" \/>\n<script type=\"application\/ld+json\" class=\"yoast-schema-graph\">{\"@context\":\"https:\\\/\\\/schema.org\",\"@graph\":[{\"@type\":\"Article\",\"@id\":\"https:\\\/\\\/noapuertobaru.com\\\/articulos\\\/protesta-contra-los-planes-propuestos-para-puerto-baru\\\/#article\",\"isPartOf\":{\"@id\":\"https:\\\/\\\/noapuertobaru.com\\\/articulos\\\/protesta-contra-los-planes-propuestos-para-puerto-baru\\\/\"},\"author\":{\"name\":\"No A Puerto Baru\",\"@id\":\"https:\\\/\\\/noapuertobaru.com\\\/#\\\/schema\\\/person\\\/1f0f33ea00eb779827aa098c002fa54c\"},\"headline\":\"Protesta contra los planes propuestos para Puerto Bar\u00fa\",\"datePublished\":\"2025-01-16T19:35:11+00:00\",\"dateModified\":\"2025-02-26T13:11:04+00:00\",\"mainEntityOfPage\":{\"@id\":\"https:\\\/\\\/noapuertobaru.com\\\/articulos\\\/protesta-contra-los-planes-propuestos-para-puerto-baru\\\/\"},\"wordCount\":403,\"image\":{\"@id\":\"https:\\\/\\\/noapuertobaru.com\\\/articulos\\\/protesta-contra-los-planes-propuestos-para-puerto-baru\\\/#primaryimage\"},\"thumbnailUrl\":\"https:\\\/\\\/noapuertobaru.com\\\/wp-content\\\/uploads\\\/2025\\\/01\\\/Protestors-gather-at-Puerto-Barus-proposed-location.jpg\",\"keywords\":[\"Puerto Baru\"],\"articleSection\":[\"Art\u00edculos\"],\"inLanguage\":\"en-GB\"},{\"@type\":\"WebPage\",\"@id\":\"https:\\\/\\\/noapuertobaru.com\\\/articulos\\\/protesta-contra-los-planes-propuestos-para-puerto-baru\\\/\",\"url\":\"https:\\\/\\\/noapuertobaru.com\\\/articulos\\\/protesta-contra-los-planes-propuestos-para-puerto-baru\\\/\",\"name\":\"Protesta contra los planes propuestos para Puerto Bar\u00fa - No a Puerto Bar&uacute;\",\"isPartOf\":{\"@id\":\"https:\\\/\\\/noapuertobaru.com\\\/#website\"},\"primaryImageOfPage\":{\"@id\":\"https:\\\/\\\/noapuertobaru.com\\\/articulos\\\/protesta-contra-los-planes-propuestos-para-puerto-baru\\\/#primaryimage\"},\"image\":{\"@id\":\"https:\\\/\\\/noapuertobaru.com\\\/articulos\\\/protesta-contra-los-planes-propuestos-para-puerto-baru\\\/#primaryimage\"},\"thumbnailUrl\":\"https:\\\/\\\/noapuertobaru.com\\\/wp-content\\\/uploads\\\/2025\\\/01\\\/Protestors-gather-at-Puerto-Barus-proposed-location.jpg\",\"datePublished\":\"2025-01-16T19:35:11+00:00\",\"dateModified\":\"2025-02-26T13:11:04+00:00\",\"author\":{\"@id\":\"https:\\\/\\\/noapuertobaru.com\\\/#\\\/schema\\\/person\\\/1f0f33ea00eb779827aa098c002fa54c\"},\"description\":\"Protesting the proposed Puerto Bar\u00fa plans\",\"breadcrumb\":{\"@id\":\"https:\\\/\\\/noapuertobaru.com\\\/articulos\\\/protesta-contra-los-planes-propuestos-para-puerto-baru\\\/#breadcrumb\"},\"inLanguage\":\"en-GB\",\"potentialAction\":[{\"@type\":\"ReadAction\",\"target\":[\"https:\\\/\\\/noapuertobaru.com\\\/articulos\\\/protesta-contra-los-planes-propuestos-para-puerto-baru\\\/\"]}]},{\"@type\":\"ImageObject\",\"inLanguage\":\"en-GB\",\"@id\":\"https:\\\/\\\/noapuertobaru.com\\\/articulos\\\/protesta-contra-los-planes-propuestos-para-puerto-baru\\\/#primaryimage\",\"url\":\"https:\\\/\\\/noapuertobaru.com\\\/wp-content\\\/uploads\\\/2025\\\/01\\\/Protestors-gather-at-Puerto-Barus-proposed-location.jpg\",\"contentUrl\":\"https:\\\/\\\/noapuertobaru.com\\\/wp-content\\\/uploads\\\/2025\\\/01\\\/Protestors-gather-at-Puerto-Barus-proposed-location.jpg\",\"width\":1280,\"height\":960,\"caption\":\"Manifestantes alzan pancarta frente al acto de inauraci\u00f3n del proyecto Par\u00fa Bar\u00fa, en Chiriqu\u00ed, el 16 de enero 2025.\"},{\"@type\":\"BreadcrumbList\",\"@id\":\"https:\\\/\\\/noapuertobaru.com\\\/articulos\\\/protesta-contra-los-planes-propuestos-para-puerto-baru\\\/#breadcrumb\",\"itemListElement\":[{\"@type\":\"ListItem\",\"position\":1,\"name\":\"Home\",\"item\":\"https:\\\/\\\/noapuertobaru.com\\\/\"},{\"@type\":\"ListItem\",\"position\":2,\"name\":\"Protesta contra los planes propuestos para Puerto Bar\u00fa\"}]},{\"@type\":\"WebSite\",\"@id\":\"https:\\\/\\\/noapuertobaru.com\\\/#website\",\"url\":\"https:\\\/\\\/noapuertobaru.com\\\/\",\"name\":\"No a Puerto Bar\u00fa\",\"description\":\"No a Puerto Bar&uacute; is a coalition of environmental organisations from Panama.\",\"potentialAction\":[{\"@type\":\"SearchAction\",\"target\":{\"@type\":\"EntryPoint\",\"urlTemplate\":\"https:\\\/\\\/noapuertobaru.com\\\/?s={search_term_string}\"},\"query-input\":{\"@type\":\"PropertyValueSpecification\",\"valueRequired\":true,\"valueName\":\"search_term_string\"}}],\"inLanguage\":\"en-GB\"},{\"@type\":\"Person\",\"@id\":\"https:\\\/\\\/noapuertobaru.com\\\/#\\\/schema\\\/person\\\/1f0f33ea00eb779827aa098c002fa54c\",\"name\":\"No A Puerto Baru\",\"description\":\"No to Puerto Bar\u00fa is a group of likeminded organizations and individuals from Panama, including marine scientists, environmental lawyers, biologists and technicians, concerned with the impact that the Puerto Bar\u00fa project will have on the environment.\",\"sameAs\":[\"https:\\\/\\\/noapuertobaru.com\"]}]}<\/script>\n<!-- \/ Yoast SEO plugin. -->","yoast_head_json":{"title":"Protest against proposed plans for Puerto Bar\u00fa - No to Puerto Bar\u00fa","description":"Protesting the proposed Puerto Bar\u00fa plans","robots":{"index":"index","follow":"follow","max-snippet":"max-snippet:-1","max-image-preview":"max-image-preview:large","max-video-preview":"max-video-preview:-1"},"canonical":"https:\/\/noapuertobaru.com\/en\/articles-2\/protest-against-proposed-plans-for-puerto-baru\/","og_locale":"en_GB","og_type":"article","og_title":"Protesta contra los planes propuestos para Puerto Bar\u00fa - No a Puerto Bar&uacute;","og_description":"Protesting the proposed Puerto Bar\u00fa plans","og_url":"https:\/\/noapuertobaru.com\/en\/articles-2\/protest-against-proposed-plans-for-puerto-baru\/","og_site_name":"No a Puerto Bar&uacute;","article_published_time":"2025-01-16T19:35:11+00:00","article_modified_time":"2025-02-26T13:11:04+00:00","og_image":[{"width":1280,"height":960,"url":"https:\/\/noapuertobaru.com\/wp-content\/uploads\/2025\/01\/Protestors-gather-at-Puerto-Barus-proposed-location.jpg","type":"image\/jpeg"}],"author":"No A Puerto Baru","twitter_card":"summary_large_image","twitter_misc":{"Written by":"No A Puerto Baru","Estimated reading time":"3 minutes"},"schema":{"@context":"https:\/\/schema.org","@graph":[{"@type":"Article","@id":"https:\/\/noapuertobaru.com\/articulos\/protesta-contra-los-planes-propuestos-para-puerto-baru\/#article","isPartOf":{"@id":"https:\/\/noapuertobaru.com\/articulos\/protesta-contra-los-planes-propuestos-para-puerto-baru\/"},"author":{"name":"No A Puerto Baru","@id":"https:\/\/noapuertobaru.com\/#\/schema\/person\/1f0f33ea00eb779827aa098c002fa54c"},"headline":"Protesta contra los planes propuestos para Puerto Bar\u00fa","datePublished":"2025-01-16T19:35:11+00:00","dateModified":"2025-02-26T13:11:04+00:00","mainEntityOfPage":{"@id":"https:\/\/noapuertobaru.com\/articulos\/protesta-contra-los-planes-propuestos-para-puerto-baru\/"},"wordCount":403,"image":{"@id":"https:\/\/noapuertobaru.com\/articulos\/protesta-contra-los-planes-propuestos-para-puerto-baru\/#primaryimage"},"thumbnailUrl":"https:\/\/noapuertobaru.com\/wp-content\/uploads\/2025\/01\/Protestors-gather-at-Puerto-Barus-proposed-location.jpg","keywords":["Puerto Baru"],"articleSection":["Art\u00edculos"],"inLanguage":"en-GB"},{"@type":"WebPage","@id":"https:\/\/noapuertobaru.com\/articulos\/protesta-contra-los-planes-propuestos-para-puerto-baru\/","url":"https:\/\/noapuertobaru.com\/articulos\/protesta-contra-los-planes-propuestos-para-puerto-baru\/","name":"Protest against proposed plans for Puerto Bar\u00fa - No to Puerto Bar\u00fa","isPartOf":{"@id":"https:\/\/noapuertobaru.com\/#website"},"primaryImageOfPage":{"@id":"https:\/\/noapuertobaru.com\/articulos\/protesta-contra-los-planes-propuestos-para-puerto-baru\/#primaryimage"},"image":{"@id":"https:\/\/noapuertobaru.com\/articulos\/protesta-contra-los-planes-propuestos-para-puerto-baru\/#primaryimage"},"thumbnailUrl":"https:\/\/noapuertobaru.com\/wp-content\/uploads\/2025\/01\/Protestors-gather-at-Puerto-Barus-proposed-location.jpg","datePublished":"2025-01-16T19:35:11+00:00","dateModified":"2025-02-26T13:11:04+00:00","author":{"@id":"https:\/\/noapuertobaru.com\/#\/schema\/person\/1f0f33ea00eb779827aa098c002fa54c"},"description":"Protesting the proposed Puerto Bar\u00fa plans","breadcrumb":{"@id":"https:\/\/noapuertobaru.com\/articulos\/protesta-contra-los-planes-propuestos-para-puerto-baru\/#breadcrumb"},"inLanguage":"en-GB","potentialAction":[{"@type":"ReadAction","target":["https:\/\/noapuertobaru.com\/articulos\/protesta-contra-los-planes-propuestos-para-puerto-baru\/"]}]},{"@type":"ImageObject","inLanguage":"en-GB","@id":"https:\/\/noapuertobaru.com\/articulos\/protesta-contra-los-planes-propuestos-para-puerto-baru\/#primaryimage","url":"https:\/\/noapuertobaru.com\/wp-content\/uploads\/2025\/01\/Protestors-gather-at-Puerto-Barus-proposed-location.jpg","contentUrl":"https:\/\/noapuertobaru.com\/wp-content\/uploads\/2025\/01\/Protestors-gather-at-Puerto-Barus-proposed-location.jpg","width":1280,"height":960,"caption":"Manifestantes alzan pancarta frente al acto de inauraci\u00f3n del proyecto Par\u00fa Bar\u00fa, en Chiriqu\u00ed, el 16 de enero 2025."},{"@type":"BreadcrumbList","@id":"https:\/\/noapuertobaru.com\/articulos\/protesta-contra-los-planes-propuestos-para-puerto-baru\/#breadcrumb","itemListElement":[{"@type":"ListItem","position":1,"name":"Home","item":"https:\/\/noapuertobaru.com\/"},{"@type":"ListItem","position":2,"name":"Protesta contra los planes propuestos para Puerto Bar\u00fa"}]},{"@type":"WebSite","@id":"https:\/\/noapuertobaru.com\/#website","url":"https:\/\/noapuertobaru.com\/","name":"No To Puerto Bar\u00fa","description":"No a Puerto Bar\u00fa is a coalition of environmental organisations from Panama.","potentialAction":[{"@type":"SearchAction","target":{"@type":"EntryPoint","urlTemplate":"https:\/\/noapuertobaru.com\/?s={search_term_string}"},"query-input":{"@type":"PropertyValueSpecification","valueRequired":true,"valueName":"search_term_string"}}],"inLanguage":"en-GB"},{"@type":"Person","@id":"https:\/\/noapuertobaru.com\/#\/schema\/person\/1f0f33ea00eb779827aa098c002fa54c","name":"No A Puerto Baru","description":"No to Puerto Bar\u00fa is a group of likeminded organizations and individuals from Panama, including marine scientists, environmental lawyers, biologists and technicians, concerned with the impact that the Puerto Bar\u00fa project will have on the environment.","sameAs":["https:\/\/noapuertobaru.com"]}]}},"_links":{"self":[{"href":"https:\/\/noapuertobaru.com\/en\/wp-json\/wp\/v2\/posts\/590","targetHints":{"allow":["GET"]}}],"collection":[{"href":"https:\/\/noapuertobaru.com\/en\/wp-json\/wp\/v2\/posts"}],"about":[{"href":"https:\/\/noapuertobaru.com\/en\/wp-json\/wp\/v2\/types\/post"}],"author":[{"embeddable":true,"href":"https:\/\/noapuertobaru.com\/en\/wp-json\/wp\/v2\/users\/1"}],"replies":[{"embeddable":true,"href":"https:\/\/noapuertobaru.com\/en\/wp-json\/wp\/v2\/comments?post=590"}],"version-history":[{"count":39,"href":"https:\/\/noapuertobaru.com\/en\/wp-json\/wp\/v2\/posts\/590\/revisions"}],"predecessor-version":[{"id":636,"href":"https:\/\/noapuertobaru.com\/en\/wp-json\/wp\/v2\/posts\/590\/revisions\/636"}],"wp:featuredmedia":[{"embeddable":true,"href":"https:\/\/noapuertobaru.com\/en\/wp-json\/wp\/v2\/media\/597"}],"wp:attachment":[{"href":"https:\/\/noapuertobaru.com\/en\/wp-json\/wp\/v2\/media?parent=590"}],"wp:term":[{"taxonomy":"category","embeddable":true,"href":"https:\/\/noapuertobaru.com\/en\/wp-json\/wp\/v2\/categories?post=590"},{"taxonomy":"post_tag","embeddable":true,"href":"https:\/\/noapuertobaru.com\/en\/wp-json\/wp\/v2\/tags?post=590"}],"curies":[{"name":"wp","href":"https:\/\/api.w.org\/{rel}","templated":true}]}}