{"id":1495,"date":"2026-04-24T11:50:23","date_gmt":"2026-04-24T10:50:23","guid":{"rendered":"https:\/\/noapuertobaru.com\/?p=1495"},"modified":"2026-04-24T11:50:23","modified_gmt":"2026-04-24T10:50:23","slug":"david-defense-of-the-mangroves-reaches-the-newspaper-el-pais","status":"publish","type":"post","link":"https:\/\/noapuertobaru.com\/en\/articles-2\/david-defense-of-the-mangroves-reaches-the-newspaper-el-pais\/","title":{"rendered":"David's Mangrove Defense reaches the newspaper El Pa\u00eds"},"content":{"rendered":"<p><span style=\"font-weight: 400;\">El medio El Pa\u00eds pone el foco en lo que est\u00e1 ocurriendo en Panam\u00e1 y resalta la participaci\u00f3n de comunidades, organizaciones y defensores que han alzado la voz frente al proyecto de Puerto Bar\u00fa. Pero lo que revela el reportaje va m\u00e1s all\u00e1 de un conflicto ambiental, expone una tensi\u00f3n m\u00e1s profunda \u00bfqu\u00e9 ocurre cuando defender la naturaleza empieza a tener consecuencias legales, econ\u00f3micas y pol\u00edticas?<\/span><\/p>\n<p><img loading=\"lazy\" decoding=\"async\" class=\"size-full wp-image-1497\" src=\"https:\/\/noapuertobaru.com\/wp-content\/uploads\/2026\/04\/PANAMA-Diario-El-Pais.jpg\" alt=\"\" width=\"2250\" height=\"2553\" srcset=\"https:\/\/noapuertobaru.com\/wp-content\/uploads\/2026\/04\/PANAMA-Diario-El-Pais.jpg 2250w, https:\/\/noapuertobaru.com\/wp-content\/uploads\/2026\/04\/PANAMA-Diario-El-Pais-264x300.jpg 264w, https:\/\/noapuertobaru.com\/wp-content\/uploads\/2026\/04\/PANAMA-Diario-El-Pais-902x1024.jpg 902w, https:\/\/noapuertobaru.com\/wp-content\/uploads\/2026\/04\/PANAMA-Diario-El-Pais-768x871.jpg 768w, https:\/\/noapuertobaru.com\/wp-content\/uploads\/2026\/04\/PANAMA-Diario-El-Pais-1354x1536.jpg 1354w, https:\/\/noapuertobaru.com\/wp-content\/uploads\/2026\/04\/PANAMA-Diario-El-Pais-1805x2048.jpg 1805w, https:\/\/noapuertobaru.com\/wp-content\/uploads\/2026\/04\/PANAMA-Diario-El-Pais-11x12.jpg 11w\" sizes=\"(max-width: 2250px) 100vw, 2250px\" \/><\/p>\n<h2><b>Del territorio a los tribunales<\/b><\/h2>\n<p><span style=\"font-weight: 400;\">A comienzos de este a\u00f1o, dos organizaciones clave en la defensa ambiental, Adopta Bosque Panam\u00e1 y Centro de Incidencia Ambiental (CIAM), recibieron una notificaci\u00f3n inesperada de que sus cuentas bancarias y bienes hab\u00edan sido congelados. No fue una decisi\u00f3n aislada, se dio en medio de un proceso legal impulsado por la empresa promotora del proyecto, Ocean Pacific Financial Services.\u00a0<\/span><\/p>\n<p><span style=\"font-weight: 400;\">Desde 2023, estas organizaciones ven\u00edan cuestionando la construcci\u00f3n del puerto por sus posibles impactos en un ecosistema cr\u00edtico los manglares protegidos del Golfo de Chiriqu\u00ed.<\/span><\/p>\n<h2><b>Una disputa por la verdad<\/b><\/h2>\n<p><span style=\"font-weight: 400;\">El conflicto no es solo ambiental, es tambi\u00e9n narrativo, por un lado, organizaciones que advierten sobre riesgos: dragado, alteraci\u00f3n de ecosistemas marinos, impactos en manglares y especies que dependen de ellos. Por otro, la empresa desarrolladora, que desinforma en rechazo de estas afirmaciones y sostiene que las acciones legales responden a lo que considera una campa\u00f1a difamatoria.<\/span><\/p>\n<p><span style=\"font-weight: 400;\">Guido Berguido, director de Adopta Bosque, afirma en el <\/span><a href=\"https:\/\/elpais.com\/america-futura\/2026-04-17\/a-organizaciones-ambientales-en-panama-les-congelan-sus-cuentas-bancarias-en-medio-de-una-disputa-legal-por-construccion-de-proyecto-portuario.html\"><span style=\"font-weight: 400;\">El Pa\u00eds <\/span><\/a><span style=\"font-weight: 400;\">que la empresa \u201cha buscado atacar y silenciar a las dos organizaciones que hemos sido m\u00e1s vocales\u201d. En agosto de 2025, les puso querellas criminales por injuria, calumnia y delitos contra la econom\u00eda. el actuar del promotor del proyecto \u201cEs un cl\u00e1sico ejemplo de lo que llaman SLAPP\u201d, comenta el director, refiri\u00e9ndose a lo que en ingl\u00e9s se conoce como <\/span><i><span style=\"font-weight: 400;\">Strategic Lawsuit Against Public Participation<\/span><\/i><span style=\"font-weight: 400;\"> y que alude a un <\/span><a href=\"https:\/\/elpais.com\/america-futura\/2024-06-29\/demandas-de-miles-de-dolares-ambientalistas-de-puerto-rico-denuncian-represion-por-la-via-legal.html\"><span style=\"font-weight: 400;\">litigio intimidatorio <\/span><\/a><span style=\"font-weight: 400;\">en el que no necesariamente se busca ganar, sino agotar al otro.<\/span><span style=\"font-weight: 400;\"><br \/>\n<\/span><\/p>\n<p><img loading=\"lazy\" decoding=\"async\" class=\"alignnone size-full wp-image-1499\" src=\"https:\/\/noapuertobaru.com\/wp-content\/uploads\/2026\/04\/Website-2-1.jpg\" alt=\"\" width=\"1280\" height=\"720\" srcset=\"https:\/\/noapuertobaru.com\/wp-content\/uploads\/2026\/04\/Website-2-1.jpg 1280w, https:\/\/noapuertobaru.com\/wp-content\/uploads\/2026\/04\/Website-2-1-300x169.jpg 300w, https:\/\/noapuertobaru.com\/wp-content\/uploads\/2026\/04\/Website-2-1-1024x576.jpg 1024w, https:\/\/noapuertobaru.com\/wp-content\/uploads\/2026\/04\/Website-2-1-768x432.jpg 768w, https:\/\/noapuertobaru.com\/wp-content\/uploads\/2026\/04\/Website-2-1-18x10.jpg 18w\" sizes=\"(max-width: 1280px) 100vw, 1280px\" \/><\/p>\n<p><b>Acciones legales que da\u00f1an la democracia<\/b><b><br \/>\n<\/b><b><br \/>\n<\/b><span style=\"font-weight: 400;\">Seg\u00fan lo que recoge el reportaje, <\/span><span style=\"font-weight: 400;\">CIAM y Adopta Bosque viven d\u00edas complejos: se quedaron sin recursos para cumplir su misi\u00f3n.\u00a0<\/span><span style=\"font-weight: 400;\"><br \/>\n<\/span><\/p>\n<p><img loading=\"lazy\" decoding=\"async\" class=\"alignnone size-full wp-image-1498\" src=\"https:\/\/noapuertobaru.com\/wp-content\/uploads\/2026\/04\/Website-3.jpg\" alt=\"\" width=\"1280\" height=\"720\" srcset=\"https:\/\/noapuertobaru.com\/wp-content\/uploads\/2026\/04\/Website-3.jpg 1280w, https:\/\/noapuertobaru.com\/wp-content\/uploads\/2026\/04\/Website-3-300x169.jpg 300w, https:\/\/noapuertobaru.com\/wp-content\/uploads\/2026\/04\/Website-3-1024x576.jpg 1024w, https:\/\/noapuertobaru.com\/wp-content\/uploads\/2026\/04\/Website-3-768x432.jpg 768w, https:\/\/noapuertobaru.com\/wp-content\/uploads\/2026\/04\/Website-3-18x10.jpg 18w\" sizes=\"(max-width: 1280px) 100vw, 1280px\" \/><\/p>\n<p><span style=\"font-weight: 400;\">Las organizaciones ambientales no bajan los brazos como pueden siguen levantando la voz. Como indica el reportaje, autoridades<\/span><span style=\"font-weight: 400;\"> como el ministro de Ambiente de Panam\u00e1, Juan Carlos Navarro, dijo a <\/span><a href=\"https:\/\/www.youtube.com\/shorts\/4Ls8THUEuvo\"><span style=\"font-weight: 400;\">medios de comunicaci\u00f3n<\/span><\/a><span style=\"font-weight: 400;\"> locales que, a nivel personal, le parec\u00eda una medida desafortunada. \u201cNo beneficia en nada al di\u00e1logo nacional que tiene que haber sobre temas de vital importancia como son nuevos proyectos que van a tener un impacto ambiental\u201d, asegur\u00f3. <\/span><span style=\"font-weight: 400;\"><br \/>\n<\/span><span style=\"font-weight: 400;\"><br \/>\n<\/span><span style=\"font-weight: 400;\">La Red Regional Escaz\u00fa Ahora tambi\u00e9n public\u00f3 un comunicado resaltando su preocupaci\u00f3n. Panam\u00e1 es uno de los pa\u00edses que ya ratific\u00f3 el Acuerdo de Escaz\u00fa, en el que uno de los ejes es, precisamente, el derecho a la participaci\u00f3n ciudadana en la gesti\u00f3n ambiental. \u201cQue suceda esto en Panam\u00e1 es un mal precedente para la regi\u00f3n, para Centroam\u00e9rica\u201d, se\u00f1ala Carolina S\u00e1nchez, vocera de la <\/span><a href=\"https:\/\/elpais.com\/america\/2025-05-25\/panama-evalua-explorar-gas-y-petroleo-en-el-caribe-y-alerta-a-ambientalistas.html\"><span style=\"font-weight: 400;\">Red del Gran Caribe Libre de F\u00f3siles<\/span><\/a><span style=\"font-weight: 400;\">. \u201cAdem\u00e1s de que estamos en un momento de gran polarizaci\u00f3n, las organizaciones que defendemos el ambiente hemos tenido un impacto econ\u00f3mico gigante durante el \u00faltimo a\u00f1o por las pol\u00edticas exteriores de otros pa\u00edses. Y esto nos pone en una encrucijada\u201d.<\/span><\/p>\n<h2><b>Cuando el conflicto deja de ser invisible<\/b><\/h2>\n<p><span style=\"font-weight: 400;\">Lo que est\u00e1 pasando en Panam\u00e1 ya no ocurre en silencio, las voces que defienden los manglares est\u00e1n siendo escuchadas m\u00e1s all\u00e1 de sus fronteras. Hoy lideran la narrativa de la verdad, de la defensa y sobretodo de la valent\u00eda proque a pesar de lo dif\u00edcil que ha sido sostener esta campa\u00f1a no se dejan amedrentar por el poder y siguen con argumentos y ciencia que los respalda.<\/span><\/p>\n<p>&nbsp;<\/p>","protected":false},"excerpt":{"rendered":"<p>El medio El Pa\u00eds pone el foco en lo que est\u00e1 ocurriendo en Panam\u00e1 y resalta la participaci\u00f3n de comunidades, organizaciones y defensores que han alzado la voz frente al proyecto de Puerto Bar\u00fa. Pero lo que revela el reportaje va m\u00e1s all\u00e1 de un conflicto ambiental, expone una tensi\u00f3n m\u00e1s profunda \u00bfqu\u00e9 ocurre cuando [&hellip;]<\/p>\n","protected":false},"author":1,"featured_media":1500,"comment_status":"closed","ping_status":"closed","sticky":false,"template":"","format":"standard","meta":{"_acf_changed":false,"footnotes":""},"categories":[1],"tags":[],"class_list":["post-1495","post","type-post","status-publish","format-standard","has-post-thumbnail","hentry","category-articulos"],"acf":[],"yoast_head":"<!-- This site is optimized with the Yoast SEO plugin v27.4 - https:\/\/yoast.com\/product\/yoast-seo-wordpress\/ -->\n<title>La Defensa de los Manglares de David llega al Diario El Pa\u00eds - No a Puerto Bar&uacute;<\/title>\n<meta name=\"robots\" content=\"index, follow, max-snippet:-1, max-image-preview:large, max-video-preview:-1\" \/>\n<link rel=\"canonical\" href=\"https:\/\/noapuertobaru.com\/en\/articles-2\/david-defense-of-the-mangroves-reaches-the-newspaper-el-pais\/\" \/>\n<meta property=\"og:locale\" content=\"en_GB\" \/>\n<meta property=\"og:type\" content=\"article\" \/>\n<meta property=\"og:title\" content=\"La Defensa de los Manglares de David llega al Diario El Pa\u00eds - No a Puerto Bar&uacute;\" \/>\n<meta property=\"og:description\" content=\"El medio El Pa\u00eds pone el foco en lo que est\u00e1 ocurriendo en Panam\u00e1 y resalta la participaci\u00f3n de comunidades, organizaciones y defensores que han alzado la voz frente al proyecto de Puerto Bar\u00fa. Pero lo que revela el reportaje va m\u00e1s all\u00e1 de un conflicto ambiental, expone una tensi\u00f3n m\u00e1s profunda \u00bfqu\u00e9 ocurre cuando [&hellip;]\" \/>\n<meta property=\"og:url\" content=\"https:\/\/noapuertobaru.com\/en\/articles-2\/david-defense-of-the-mangroves-reaches-the-newspaper-el-pais\/\" \/>\n<meta property=\"og:site_name\" content=\"No a Puerto Bar&uacute;\" \/>\n<meta property=\"article:published_time\" content=\"2026-04-24T10:50:23+00:00\" \/>\n<meta property=\"og:image\" content=\"https:\/\/noapuertobaru.com\/wp-content\/uploads\/2026\/04\/Website-4.jpg\" \/>\n\t<meta property=\"og:image:width\" content=\"1280\" \/>\n\t<meta property=\"og:image:height\" content=\"720\" \/>\n\t<meta property=\"og:image:type\" content=\"image\/jpeg\" \/>\n<meta name=\"author\" content=\"No A Puerto Baru\" \/>\n<meta name=\"twitter:card\" content=\"summary_large_image\" \/>\n<meta name=\"twitter:label1\" content=\"Written by\" \/>\n\t<meta name=\"twitter:data1\" content=\"No A Puerto Baru\" \/>\n\t<meta name=\"twitter:label2\" content=\"Estimated reading time\" \/>\n\t<meta name=\"twitter:data2\" content=\"4 minutes\" \/>\n<script type=\"application\/ld+json\" class=\"yoast-schema-graph\">{\"@context\":\"https:\\\/\\\/schema.org\",\"@graph\":[{\"@type\":\"Article\",\"@id\":\"https:\\\/\\\/noapuertobaru.com\\\/articulos\\\/la-defensa-de-los-manglares-de-david-llega-al-diario-el-pais\\\/#article\",\"isPartOf\":{\"@id\":\"https:\\\/\\\/noapuertobaru.com\\\/articulos\\\/la-defensa-de-los-manglares-de-david-llega-al-diario-el-pais\\\/\"},\"author\":{\"name\":\"No A Puerto Baru\",\"@id\":\"https:\\\/\\\/noapuertobaru.com\\\/#\\\/schema\\\/person\\\/1f0f33ea00eb779827aa098c002fa54c\"},\"headline\":\"La Defensa de los Manglares de David llega al Diario El Pa\u00eds\",\"datePublished\":\"2026-04-24T10:50:23+00:00\",\"mainEntityOfPage\":{\"@id\":\"https:\\\/\\\/noapuertobaru.com\\\/articulos\\\/la-defensa-de-los-manglares-de-david-llega-al-diario-el-pais\\\/\"},\"wordCount\":659,\"image\":{\"@id\":\"https:\\\/\\\/noapuertobaru.com\\\/articulos\\\/la-defensa-de-los-manglares-de-david-llega-al-diario-el-pais\\\/#primaryimage\"},\"thumbnailUrl\":\"https:\\\/\\\/noapuertobaru.com\\\/wp-content\\\/uploads\\\/2026\\\/04\\\/Website-4.jpg\",\"articleSection\":[\"Art\u00edculos\"],\"inLanguage\":\"en-GB\"},{\"@type\":\"WebPage\",\"@id\":\"https:\\\/\\\/noapuertobaru.com\\\/articulos\\\/la-defensa-de-los-manglares-de-david-llega-al-diario-el-pais\\\/\",\"url\":\"https:\\\/\\\/noapuertobaru.com\\\/articulos\\\/la-defensa-de-los-manglares-de-david-llega-al-diario-el-pais\\\/\",\"name\":\"La Defensa de los Manglares de David llega al Diario El Pa\u00eds - No a Puerto Bar&uacute;\",\"isPartOf\":{\"@id\":\"https:\\\/\\\/noapuertobaru.com\\\/#website\"},\"primaryImageOfPage\":{\"@id\":\"https:\\\/\\\/noapuertobaru.com\\\/articulos\\\/la-defensa-de-los-manglares-de-david-llega-al-diario-el-pais\\\/#primaryimage\"},\"image\":{\"@id\":\"https:\\\/\\\/noapuertobaru.com\\\/articulos\\\/la-defensa-de-los-manglares-de-david-llega-al-diario-el-pais\\\/#primaryimage\"},\"thumbnailUrl\":\"https:\\\/\\\/noapuertobaru.com\\\/wp-content\\\/uploads\\\/2026\\\/04\\\/Website-4.jpg\",\"datePublished\":\"2026-04-24T10:50:23+00:00\",\"author\":{\"@id\":\"https:\\\/\\\/noapuertobaru.com\\\/#\\\/schema\\\/person\\\/1f0f33ea00eb779827aa098c002fa54c\"},\"breadcrumb\":{\"@id\":\"https:\\\/\\\/noapuertobaru.com\\\/articulos\\\/la-defensa-de-los-manglares-de-david-llega-al-diario-el-pais\\\/#breadcrumb\"},\"inLanguage\":\"en-GB\",\"potentialAction\":[{\"@type\":\"ReadAction\",\"target\":[\"https:\\\/\\\/noapuertobaru.com\\\/articulos\\\/la-defensa-de-los-manglares-de-david-llega-al-diario-el-pais\\\/\"]}]},{\"@type\":\"ImageObject\",\"inLanguage\":\"en-GB\",\"@id\":\"https:\\\/\\\/noapuertobaru.com\\\/articulos\\\/la-defensa-de-los-manglares-de-david-llega-al-diario-el-pais\\\/#primaryimage\",\"url\":\"https:\\\/\\\/noapuertobaru.com\\\/wp-content\\\/uploads\\\/2026\\\/04\\\/Website-4.jpg\",\"contentUrl\":\"https:\\\/\\\/noapuertobaru.com\\\/wp-content\\\/uploads\\\/2026\\\/04\\\/Website-4.jpg\",\"width\":1280,\"height\":720},{\"@type\":\"BreadcrumbList\",\"@id\":\"https:\\\/\\\/noapuertobaru.com\\\/articulos\\\/la-defensa-de-los-manglares-de-david-llega-al-diario-el-pais\\\/#breadcrumb\",\"itemListElement\":[{\"@type\":\"ListItem\",\"position\":1,\"name\":\"Home\",\"item\":\"https:\\\/\\\/noapuertobaru.com\\\/\"},{\"@type\":\"ListItem\",\"position\":2,\"name\":\"La Defensa de los Manglares de David llega al Diario El Pa\u00eds\"}]},{\"@type\":\"WebSite\",\"@id\":\"https:\\\/\\\/noapuertobaru.com\\\/#website\",\"url\":\"https:\\\/\\\/noapuertobaru.com\\\/\",\"name\":\"No a Puerto Bar\u00fa\",\"description\":\"No a Puerto Bar&uacute; is a coalition of environmental organisations from Panama.\",\"potentialAction\":[{\"@type\":\"SearchAction\",\"target\":{\"@type\":\"EntryPoint\",\"urlTemplate\":\"https:\\\/\\\/noapuertobaru.com\\\/?s={search_term_string}\"},\"query-input\":{\"@type\":\"PropertyValueSpecification\",\"valueRequired\":true,\"valueName\":\"search_term_string\"}}],\"inLanguage\":\"en-GB\"},{\"@type\":\"Person\",\"@id\":\"https:\\\/\\\/noapuertobaru.com\\\/#\\\/schema\\\/person\\\/1f0f33ea00eb779827aa098c002fa54c\",\"name\":\"No A Puerto Baru\",\"description\":\"No to Puerto Bar\u00fa is a group of likeminded organizations and individuals from Panama, including marine scientists, environmental lawyers, biologists and technicians, concerned with the impact that the Puerto Bar\u00fa project will have on the environment.\",\"sameAs\":[\"https:\\\/\\\/noapuertobaru.com\"]}]}<\/script>\n<!-- \/ Yoast SEO plugin. -->","yoast_head_json":{"title":"La Defensa de los Manglares de David llega al Diario El Pa\u00eds - No a Puerto Bar&uacute;","robots":{"index":"index","follow":"follow","max-snippet":"max-snippet:-1","max-image-preview":"max-image-preview:large","max-video-preview":"max-video-preview:-1"},"canonical":"https:\/\/noapuertobaru.com\/en\/articles-2\/david-defense-of-the-mangroves-reaches-the-newspaper-el-pais\/","og_locale":"en_GB","og_type":"article","og_title":"La Defensa de los Manglares de David llega al Diario El Pa\u00eds - No a Puerto Bar&uacute;","og_description":"El medio El Pa\u00eds pone el foco en lo que est\u00e1 ocurriendo en Panam\u00e1 y resalta la participaci\u00f3n de comunidades, organizaciones y defensores que han alzado la voz frente al proyecto de Puerto Bar\u00fa. Pero lo que revela el reportaje va m\u00e1s all\u00e1 de un conflicto ambiental, expone una tensi\u00f3n m\u00e1s profunda \u00bfqu\u00e9 ocurre cuando [&hellip;]","og_url":"https:\/\/noapuertobaru.com\/en\/articles-2\/david-defense-of-the-mangroves-reaches-the-newspaper-el-pais\/","og_site_name":"No a Puerto Bar&uacute;","article_published_time":"2026-04-24T10:50:23+00:00","og_image":[{"width":1280,"height":720,"url":"https:\/\/noapuertobaru.com\/wp-content\/uploads\/2026\/04\/Website-4.jpg","type":"image\/jpeg"}],"author":"No A Puerto Baru","twitter_card":"summary_large_image","twitter_misc":{"Written by":"No A Puerto Baru","Estimated reading time":"4 minutes"},"schema":{"@context":"https:\/\/schema.org","@graph":[{"@type":"Article","@id":"https:\/\/noapuertobaru.com\/articulos\/la-defensa-de-los-manglares-de-david-llega-al-diario-el-pais\/#article","isPartOf":{"@id":"https:\/\/noapuertobaru.com\/articulos\/la-defensa-de-los-manglares-de-david-llega-al-diario-el-pais\/"},"author":{"name":"No A Puerto Baru","@id":"https:\/\/noapuertobaru.com\/#\/schema\/person\/1f0f33ea00eb779827aa098c002fa54c"},"headline":"La Defensa de los Manglares de David llega al Diario El Pa\u00eds","datePublished":"2026-04-24T10:50:23+00:00","mainEntityOfPage":{"@id":"https:\/\/noapuertobaru.com\/articulos\/la-defensa-de-los-manglares-de-david-llega-al-diario-el-pais\/"},"wordCount":659,"image":{"@id":"https:\/\/noapuertobaru.com\/articulos\/la-defensa-de-los-manglares-de-david-llega-al-diario-el-pais\/#primaryimage"},"thumbnailUrl":"https:\/\/noapuertobaru.com\/wp-content\/uploads\/2026\/04\/Website-4.jpg","articleSection":["Art\u00edculos"],"inLanguage":"en-GB"},{"@type":"WebPage","@id":"https:\/\/noapuertobaru.com\/articulos\/la-defensa-de-los-manglares-de-david-llega-al-diario-el-pais\/","url":"https:\/\/noapuertobaru.com\/articulos\/la-defensa-de-los-manglares-de-david-llega-al-diario-el-pais\/","name":"La Defensa de los Manglares de David llega al Diario El Pa\u00eds - No a Puerto Bar&uacute;","isPartOf":{"@id":"https:\/\/noapuertobaru.com\/#website"},"primaryImageOfPage":{"@id":"https:\/\/noapuertobaru.com\/articulos\/la-defensa-de-los-manglares-de-david-llega-al-diario-el-pais\/#primaryimage"},"image":{"@id":"https:\/\/noapuertobaru.com\/articulos\/la-defensa-de-los-manglares-de-david-llega-al-diario-el-pais\/#primaryimage"},"thumbnailUrl":"https:\/\/noapuertobaru.com\/wp-content\/uploads\/2026\/04\/Website-4.jpg","datePublished":"2026-04-24T10:50:23+00:00","author":{"@id":"https:\/\/noapuertobaru.com\/#\/schema\/person\/1f0f33ea00eb779827aa098c002fa54c"},"breadcrumb":{"@id":"https:\/\/noapuertobaru.com\/articulos\/la-defensa-de-los-manglares-de-david-llega-al-diario-el-pais\/#breadcrumb"},"inLanguage":"en-GB","potentialAction":[{"@type":"ReadAction","target":["https:\/\/noapuertobaru.com\/articulos\/la-defensa-de-los-manglares-de-david-llega-al-diario-el-pais\/"]}]},{"@type":"ImageObject","inLanguage":"en-GB","@id":"https:\/\/noapuertobaru.com\/articulos\/la-defensa-de-los-manglares-de-david-llega-al-diario-el-pais\/#primaryimage","url":"https:\/\/noapuertobaru.com\/wp-content\/uploads\/2026\/04\/Website-4.jpg","contentUrl":"https:\/\/noapuertobaru.com\/wp-content\/uploads\/2026\/04\/Website-4.jpg","width":1280,"height":720},{"@type":"BreadcrumbList","@id":"https:\/\/noapuertobaru.com\/articulos\/la-defensa-de-los-manglares-de-david-llega-al-diario-el-pais\/#breadcrumb","itemListElement":[{"@type":"ListItem","position":1,"name":"Home","item":"https:\/\/noapuertobaru.com\/"},{"@type":"ListItem","position":2,"name":"La Defensa de los Manglares de David llega al Diario El Pa\u00eds"}]},{"@type":"WebSite","@id":"https:\/\/noapuertobaru.com\/#website","url":"https:\/\/noapuertobaru.com\/","name":"No To Puerto Bar\u00fa","description":"No a Puerto Bar\u00fa is a coalition of environmental organisations from Panama.","potentialAction":[{"@type":"SearchAction","target":{"@type":"EntryPoint","urlTemplate":"https:\/\/noapuertobaru.com\/?s={search_term_string}"},"query-input":{"@type":"PropertyValueSpecification","valueRequired":true,"valueName":"search_term_string"}}],"inLanguage":"en-GB"},{"@type":"Person","@id":"https:\/\/noapuertobaru.com\/#\/schema\/person\/1f0f33ea00eb779827aa098c002fa54c","name":"No A Puerto Baru","description":"No to Puerto Bar\u00fa is a group of likeminded organizations and individuals from Panama, including marine scientists, environmental lawyers, biologists and technicians, concerned with the impact that the Puerto Bar\u00fa project will have on the environment.","sameAs":["https:\/\/noapuertobaru.com"]}]}},"_links":{"self":[{"href":"https:\/\/noapuertobaru.com\/en\/wp-json\/wp\/v2\/posts\/1495","targetHints":{"allow":["GET"]}}],"collection":[{"href":"https:\/\/noapuertobaru.com\/en\/wp-json\/wp\/v2\/posts"}],"about":[{"href":"https:\/\/noapuertobaru.com\/en\/wp-json\/wp\/v2\/types\/post"}],"author":[{"embeddable":true,"href":"https:\/\/noapuertobaru.com\/en\/wp-json\/wp\/v2\/users\/1"}],"replies":[{"embeddable":true,"href":"https:\/\/noapuertobaru.com\/en\/wp-json\/wp\/v2\/comments?post=1495"}],"version-history":[{"count":2,"href":"https:\/\/noapuertobaru.com\/en\/wp-json\/wp\/v2\/posts\/1495\/revisions"}],"predecessor-version":[{"id":1502,"href":"https:\/\/noapuertobaru.com\/en\/wp-json\/wp\/v2\/posts\/1495\/revisions\/1502"}],"wp:featuredmedia":[{"embeddable":true,"href":"https:\/\/noapuertobaru.com\/en\/wp-json\/wp\/v2\/media\/1500"}],"wp:attachment":[{"href":"https:\/\/noapuertobaru.com\/en\/wp-json\/wp\/v2\/media?parent=1495"}],"wp:term":[{"taxonomy":"category","embeddable":true,"href":"https:\/\/noapuertobaru.com\/en\/wp-json\/wp\/v2\/categories?post=1495"},{"taxonomy":"post_tag","embeddable":true,"href":"https:\/\/noapuertobaru.com\/en\/wp-json\/wp\/v2\/tags?post=1495"}],"curies":[{"name":"wp","href":"https:\/\/api.w.org\/{rel}","templated":true}]}}