{"id":1396,"date":"2026-03-05T09:48:13","date_gmt":"2026-03-05T09:48:13","guid":{"rendered":"https:\/\/noapuertobaru.com\/?p=1396"},"modified":"2026-03-05T09:52:59","modified_gmt":"2026-03-05T09:52:59","slug":"the-criminalization-of-environmental-organizations-in-panama-reaches-the-international-press","status":"publish","type":"post","link":"https:\/\/noapuertobaru.com\/en\/articles-2\/the-criminalization-of-environmental-organizations-in-panama-reaches-the-international-press\/","title":{"rendered":"The criminalization of environmental organizations in Panama reaches the international press"},"content":{"rendered":"<p><span style=\"font-weight: 400;\">El conflicto en torno al proyecto portuario <\/span><b>Puerto Baru<\/b><span style=\"font-weight: 400;\">, en la provincia de Chiriqu\u00ed, ha dado un nuevo giro. La presi\u00f3n legal contra organizaciones ambientales que se oponen al proyecto ya no es solo una discusi\u00f3n local, hoy la situaci\u00f3n ha comenzado a llamar la atenci\u00f3n de la prensa internacional.<\/span><\/p>\n<p><span style=\"font-weight: 400;\">Un reciente reportaje de <\/span><a href=\"https:\/\/news.mongabay.com\/2026\/02\/panama-ngos-face-lawsuits-asset-seizures-in-fight-over-port-construction\/\"><b>Mongabay<\/b><\/a><span style=\"font-weight: 400;\">, uno de los medios especializados en periodismo ambiental m\u00e1s importantes del mundo, expone c\u00f3mo organizaciones paname\u00f1as est\u00e1n enfrentando demandas, secuestro de cuentas bancarias y de propiedades mientras defienden los manglares de David y el ecosistema del Golfo de Chiriqu\u00ed.<\/span><\/p>\n<p><span style=\"font-weight: 400;\">M\u00e1s que un conflicto ambiental, el caso comienza a revelar una pregunta m\u00e1s profunda: <\/span><b>\u00bfQu\u00e9 ocurre cuando defender la naturaleza se convierte en un riesgo legal?<\/b><b><br \/>\n<\/b><b><br \/>\n<\/b><b>Demandas que buscan dejar inoperantes a las organizaciones<\/b><\/p>\n<p><span style=\"font-weight: 400;\">Las organizaciones ambientales Adopta Bosque y CIAM (Centro de Incidencia Ambiental) han sido objeto de acciones legales vinculadas al conflicto por el proyecto portuario. Estas medidas incluyen procesos judiciales que han derivado en el secuestro de cuentas bancarias y de bienes.<\/span><\/p>\n<p><span style=\"font-weight: 400;\">Para organizaciones que trabajan principalmente con proyectos de conservaci\u00f3n, educaci\u00f3n ambiental y gesti\u00f3n de reservas naturales, estas medidas pueden afectar directamente su capacidad de operar.<\/span><\/p>\n<p><span style=\"font-weight: 400;\">Guido Berguido, director de Adopta Bosque, explic\u00f3 al medio internacional Mongabay:<\/span><\/p>\n<p><span style=\"font-weight: 400;\">\u201cNos cuesta operar porque pronto no podremos pagar a los empleados. Est\u00e1n usando la ley para dejarnos inoperantes\u201d.<\/span><\/p>\n<p><span style=\"font-weight: 400;\">La preocupaci\u00f3n no es solo econ\u00f3mica, tambi\u00e9n plantea un escenario en el que la presi\u00f3n judicial puede convertirse en una forma de silenciar la defensa ambiental.<\/span><span style=\"font-weight: 400;\"><br \/>\n<\/span><span style=\"font-weight: 400;\"><br \/>\n<\/span><b>Secuestro de reservas naturales privadas<\/b><\/p>\n<p><span style=\"font-weight: 400;\">Entre las medidas adoptadas, cuatro propiedades de Adopta Bosque fueron secustradas como parte del proceso judicial. Estas propiedades corresponden a <\/span><b>reservas naturales privadas ubicadas en las provincias de Chiriqu\u00ed y Dari\u00e9n<\/b><span style=\"font-weight: 400;\">, \u00e1reas dedicadas a la conservaci\u00f3n de la biodiversidad.<\/span><\/p>\n<p><span style=\"font-weight: 400;\">Las reservas privadas cumplen un rol importante en Panam\u00e1 y en toda Am\u00e9rica Latina, muchas de ellas protegen ecosistemas clave, corredores biol\u00f3gicos y h\u00e1bitats para especies amenazadas.<\/span><\/p>\n<p><span style=\"font-weight: 400;\">La confiscaci\u00f3n de este tipo de espacios genera preocupaci\u00f3n entre organizaciones ambientales y expertos en conservaci\u00f3n, ya que <\/span><b>puede afectar directamente \u00e1reas que han sido protegidas por iniciativas de la sociedad civil durante a\u00f1os<\/b><span style=\"font-weight: 400;\">.<\/span><span style=\"font-weight: 400;\"><br \/>\n<\/span><span style=\"font-weight: 400;\"><br \/>\n<\/span><b>Congelamiento de cuentas y dificultades para continuar proyectos<\/b><\/p>\n<p><span style=\"font-weight: 400;\">El impacto de las medidas legales tambi\u00e9n ha alcanzado al <\/span><b>Centre for Environmental Advocacy (CIAM)<\/b><span style=\"font-weight: 400;\">, una organizaci\u00f3n que ha trabajado durante a\u00f1os en litigio estrat\u00e9gico ambiental y defensa de derechos ambientales en Panam\u00e1. Seg\u00fan inform\u00f3 el medio, CIAM ha tenido sus <\/span><b>cuentas bancarias congeladas<\/b><span style=\"font-weight: 400;\">, lo que dificulta el funcionamiento cotidiano de la organizaci\u00f3n.<\/span><\/p>\n<p><span style=\"font-weight: 400;\">Esto afecta la ejecuci\u00f3n de proyectos, el financiamiento de iniciativas de conservaci\u00f3n y el trabajo t\u00e9cnico y legal que realizan. Para Joana Abrego, gerente legal de CIAM, la situaci\u00f3n es preocupante por el precedente que podr\u00eda generar.<\/span><\/p>\n<p><span style=\"font-weight: 400;\">\u201cEs un precedente muy preocupante que se est\u00e9 utilizando el sistema judicial de esta manera contra acciones de defensa del medio ambiente\u201d<\/span><\/p>\n<p><b>Silenciar voces en nombre del progreso es un atentado a la democracia<\/b><span style=\"font-weight: 400;\"><br \/>\n<\/span><span style=\"font-weight: 400;\"><br \/>\n<\/span><span style=\"font-weight: 400;\">El conflicto por Puerto Bar\u00fa comenz\u00f3 como un debate sobre el impacto ambiental de un proyecto portuario cuya construcci\u00f3n podr\u00eda afectar los Manglares de David que corresponden al 25% de los manglares de Panam\u00e1, uno de los ecosistemas costeros m\u00e1s importantes del pa\u00eds.<\/span><\/p>\n<p><span style=\"font-weight: 400;\">Las organizaciones ambientales han presentado cuestionamientos t\u00e9cnicos y legales al proyecto, incluyendo observaciones al Estudio de Impacto Ambiental y acciones ante la Corte Suprema. Este tipo de acciones forman parte de los mecanismos legales disponibles en una democracia para <\/span><b>participar en decisiones que afectan el territorio y los ecosistemas<\/b><span style=\"font-weight: 400;\">.<\/span><\/p>\n<p><span style=\"font-weight: 400;\">Sin embargo, cuando estas acciones derivan en medidas que afectan la operaci\u00f3n de organizaciones ambientales, la discusi\u00f3n adquiere otra dimensi\u00f3n.<\/span><span style=\"font-weight: 400;\"><br \/>\n<\/span><span style=\"font-weight: 400;\"><br \/>\n<\/span><b>La defensa ambiental como derecho<\/b><\/p>\n<p><span style=\"font-weight: 400;\">En muchos pa\u00edses, la defensa del ambiente se ha convertido en una tarea cada vez m\u00e1s compleja. Organizaciones, cient\u00edficos y comunidades que participan en debates ambientales a menudo enfrentan presiones pol\u00edticas, econ\u00f3micas o legales.<\/span><\/p>\n<p><span style=\"font-weight: 400;\">Por eso, casos como el de Puerto Bar\u00fa han comenzado a atraer la atenci\u00f3n de la comunidad internacional. No se trata solo de un proyecto portuario, se trata de <\/span><b>garantizar que la participaci\u00f3n ciudadana y la defensa ambiental puedan ejercerse sin temor a represalias<\/b><span style=\"font-weight: 400;\">.<\/span><span style=\"font-weight: 400;\"><br \/>\n<\/span><span style=\"font-weight: 400;\"><br \/>\n<\/span><span style=\"font-weight: 400;\">Hoy, el caso Puerto Bar\u00fa nos recuerda algo fundamental:<\/span><span style=\"font-weight: 400;\"><br \/>\n<\/span><span style=\"font-weight: 400;\">Defender el ambiente no deber\u00eda ser un acto de riesgo<\/span><span style=\"font-weight: 400;\"><br \/>\n<\/span><span style=\"font-weight: 400;\">Es un derecho y ese derecho debe poder ejercerse sin intimidaci\u00f3n<\/span><span style=\"font-weight: 400;\"><br \/>\n<\/span><span style=\"font-weight: 400;\">TENEMOS DERECHO A DEFENDER<\/span><\/p>\n<p>&nbsp;<\/p>","protected":false},"excerpt":{"rendered":"<p>El conflicto en torno al proyecto portuario Puerto Bar\u00fa, en la provincia de Chiriqu\u00ed, ha dado un nuevo giro. La presi\u00f3n legal contra organizaciones ambientales que se oponen al proyecto ya no es solo una discusi\u00f3n local, hoy la situaci\u00f3n ha comenzado a llamar la atenci\u00f3n de la prensa internacional. Un reciente reportaje de Mongabay, [&hellip;]<\/p>\n","protected":false},"author":1,"featured_media":1397,"comment_status":"closed","ping_status":"closed","sticky":false,"template":"","format":"standard","meta":{"_acf_changed":false,"footnotes":""},"categories":[1],"tags":[8,6],"class_list":["post-1396","post","type-post","status-publish","format-standard","has-post-thumbnail","hentry","category-articulos","tag-comunicado-de-prensa","tag-puerto-baru"],"acf":[],"yoast_head":"<!-- This site is optimized with the Yoast SEO plugin v27.5 - https:\/\/yoast.com\/product\/yoast-seo-wordpress\/ -->\n<title>La criminalizaci\u00f3n de organizaciones ambientales en Panam\u00e1 llega a la prensa internacional - No a Puerto Bar&uacute;<\/title>\n<meta name=\"robots\" content=\"index, follow, max-snippet:-1, max-image-preview:large, max-video-preview:-1\" \/>\n<link rel=\"canonical\" href=\"https:\/\/noapuertobaru.com\/en\/articles-2\/the-criminalization-of-environmental-organizations-in-panama-reaches-the-international-press\/\" \/>\n<meta property=\"og:locale\" content=\"en_GB\" \/>\n<meta property=\"og:type\" content=\"article\" \/>\n<meta property=\"og:title\" content=\"La criminalizaci\u00f3n de organizaciones ambientales en Panam\u00e1 llega a la prensa internacional - No a Puerto Bar&uacute;\" \/>\n<meta property=\"og:description\" content=\"El conflicto en torno al proyecto portuario Puerto Bar\u00fa, en la provincia de Chiriqu\u00ed, ha dado un nuevo giro. La presi\u00f3n legal contra organizaciones ambientales que se oponen al proyecto ya no es solo una discusi\u00f3n local, hoy la situaci\u00f3n ha comenzado a llamar la atenci\u00f3n de la prensa internacional. Un reciente reportaje de Mongabay, [&hellip;]\" \/>\n<meta property=\"og:url\" content=\"https:\/\/noapuertobaru.com\/en\/articles-2\/the-criminalization-of-environmental-organizations-in-panama-reaches-the-international-press\/\" \/>\n<meta property=\"og:site_name\" content=\"No a Puerto Bar&uacute;\" \/>\n<meta property=\"article:published_time\" content=\"2026-03-05T09:48:13+00:00\" \/>\n<meta property=\"article:modified_time\" content=\"2026-03-05T09:52:59+00:00\" \/>\n<meta property=\"og:image\" content=\"https:\/\/noapuertobaru.com\/wp-content\/uploads\/2026\/03\/panama-ngos-face-lawsuits-asset-seizures-in-fight-over-port-construction.jpg\" \/>\n\t<meta property=\"og:image:width\" content=\"1280\" \/>\n\t<meta property=\"og:image:height\" content=\"720\" \/>\n\t<meta property=\"og:image:type\" content=\"image\/jpeg\" \/>\n<meta name=\"author\" content=\"No A Puerto Baru\" \/>\n<meta name=\"twitter:card\" content=\"summary_large_image\" \/>\n<meta name=\"twitter:label1\" content=\"Written by\" \/>\n\t<meta name=\"twitter:data1\" content=\"No A Puerto Baru\" \/>\n\t<meta name=\"twitter:label2\" content=\"Estimated reading time\" \/>\n\t<meta name=\"twitter:data2\" content=\"4 minutes\" \/>\n<script type=\"application\/ld+json\" class=\"yoast-schema-graph\">{\"@context\":\"https:\\\/\\\/schema.org\",\"@graph\":[{\"@type\":\"Article\",\"@id\":\"https:\\\/\\\/noapuertobaru.com\\\/articulos\\\/la-criminalizacion-de-organizaciones-ambientales-en-panama-llega-a-la-prensa-internacional\\\/#article\",\"isPartOf\":{\"@id\":\"https:\\\/\\\/noapuertobaru.com\\\/articulos\\\/la-criminalizacion-de-organizaciones-ambientales-en-panama-llega-a-la-prensa-internacional\\\/\"},\"author\":{\"name\":\"No A Puerto Baru\",\"@id\":\"https:\\\/\\\/noapuertobaru.com\\\/#\\\/schema\\\/person\\\/1f0f33ea00eb779827aa098c002fa54c\"},\"headline\":\"La criminalizaci\u00f3n de organizaciones ambientales en Panam\u00e1 llega a la prensa internacional\",\"datePublished\":\"2026-03-05T09:48:13+00:00\",\"dateModified\":\"2026-03-05T09:52:59+00:00\",\"mainEntityOfPage\":{\"@id\":\"https:\\\/\\\/noapuertobaru.com\\\/articulos\\\/la-criminalizacion-de-organizaciones-ambientales-en-panama-llega-a-la-prensa-internacional\\\/\"},\"wordCount\":783,\"image\":{\"@id\":\"https:\\\/\\\/noapuertobaru.com\\\/articulos\\\/la-criminalizacion-de-organizaciones-ambientales-en-panama-llega-a-la-prensa-internacional\\\/#primaryimage\"},\"thumbnailUrl\":\"https:\\\/\\\/noapuertobaru.com\\\/wp-content\\\/uploads\\\/2026\\\/03\\\/panama-ngos-face-lawsuits-asset-seizures-in-fight-over-port-construction.jpg\",\"keywords\":[\"Comunicado de prensa\",\"Puerto Baru\"],\"articleSection\":[\"Art\u00edculos\"],\"inLanguage\":\"en-GB\"},{\"@type\":\"WebPage\",\"@id\":\"https:\\\/\\\/noapuertobaru.com\\\/articulos\\\/la-criminalizacion-de-organizaciones-ambientales-en-panama-llega-a-la-prensa-internacional\\\/\",\"url\":\"https:\\\/\\\/noapuertobaru.com\\\/articulos\\\/la-criminalizacion-de-organizaciones-ambientales-en-panama-llega-a-la-prensa-internacional\\\/\",\"name\":\"La criminalizaci\u00f3n de organizaciones ambientales en Panam\u00e1 llega a la prensa internacional - No a Puerto Bar&uacute;\",\"isPartOf\":{\"@id\":\"https:\\\/\\\/noapuertobaru.com\\\/#website\"},\"primaryImageOfPage\":{\"@id\":\"https:\\\/\\\/noapuertobaru.com\\\/articulos\\\/la-criminalizacion-de-organizaciones-ambientales-en-panama-llega-a-la-prensa-internacional\\\/#primaryimage\"},\"image\":{\"@id\":\"https:\\\/\\\/noapuertobaru.com\\\/articulos\\\/la-criminalizacion-de-organizaciones-ambientales-en-panama-llega-a-la-prensa-internacional\\\/#primaryimage\"},\"thumbnailUrl\":\"https:\\\/\\\/noapuertobaru.com\\\/wp-content\\\/uploads\\\/2026\\\/03\\\/panama-ngos-face-lawsuits-asset-seizures-in-fight-over-port-construction.jpg\",\"datePublished\":\"2026-03-05T09:48:13+00:00\",\"dateModified\":\"2026-03-05T09:52:59+00:00\",\"author\":{\"@id\":\"https:\\\/\\\/noapuertobaru.com\\\/#\\\/schema\\\/person\\\/1f0f33ea00eb779827aa098c002fa54c\"},\"breadcrumb\":{\"@id\":\"https:\\\/\\\/noapuertobaru.com\\\/articulos\\\/la-criminalizacion-de-organizaciones-ambientales-en-panama-llega-a-la-prensa-internacional\\\/#breadcrumb\"},\"inLanguage\":\"en-GB\",\"potentialAction\":[{\"@type\":\"ReadAction\",\"target\":[\"https:\\\/\\\/noapuertobaru.com\\\/articulos\\\/la-criminalizacion-de-organizaciones-ambientales-en-panama-llega-a-la-prensa-internacional\\\/\"]}]},{\"@type\":\"ImageObject\",\"inLanguage\":\"en-GB\",\"@id\":\"https:\\\/\\\/noapuertobaru.com\\\/articulos\\\/la-criminalizacion-de-organizaciones-ambientales-en-panama-llega-a-la-prensa-internacional\\\/#primaryimage\",\"url\":\"https:\\\/\\\/noapuertobaru.com\\\/wp-content\\\/uploads\\\/2026\\\/03\\\/panama-ngos-face-lawsuits-asset-seizures-in-fight-over-port-construction.jpg\",\"contentUrl\":\"https:\\\/\\\/noapuertobaru.com\\\/wp-content\\\/uploads\\\/2026\\\/03\\\/panama-ngos-face-lawsuits-asset-seizures-in-fight-over-port-construction.jpg\",\"width\":1280,\"height\":720},{\"@type\":\"BreadcrumbList\",\"@id\":\"https:\\\/\\\/noapuertobaru.com\\\/articulos\\\/la-criminalizacion-de-organizaciones-ambientales-en-panama-llega-a-la-prensa-internacional\\\/#breadcrumb\",\"itemListElement\":[{\"@type\":\"ListItem\",\"position\":1,\"name\":\"Home\",\"item\":\"https:\\\/\\\/noapuertobaru.com\\\/\"},{\"@type\":\"ListItem\",\"position\":2,\"name\":\"La criminalizaci\u00f3n de organizaciones ambientales en Panam\u00e1 llega a la prensa internacional\"}]},{\"@type\":\"WebSite\",\"@id\":\"https:\\\/\\\/noapuertobaru.com\\\/#website\",\"url\":\"https:\\\/\\\/noapuertobaru.com\\\/\",\"name\":\"No a Puerto Bar\u00fa\",\"description\":\"No a Puerto Bar&uacute; is a coalition of environmental organisations from Panama.\",\"potentialAction\":[{\"@type\":\"SearchAction\",\"target\":{\"@type\":\"EntryPoint\",\"urlTemplate\":\"https:\\\/\\\/noapuertobaru.com\\\/?s={search_term_string}\"},\"query-input\":{\"@type\":\"PropertyValueSpecification\",\"valueRequired\":true,\"valueName\":\"search_term_string\"}}],\"inLanguage\":\"en-GB\"},{\"@type\":\"Person\",\"@id\":\"https:\\\/\\\/noapuertobaru.com\\\/#\\\/schema\\\/person\\\/1f0f33ea00eb779827aa098c002fa54c\",\"name\":\"No A Puerto Baru\",\"description\":\"No to Puerto Bar\u00fa is a group of likeminded organizations and individuals from Panama, including marine scientists, environmental lawyers, biologists and technicians, concerned with the impact that the Puerto Bar\u00fa project will have on the environment.\",\"sameAs\":[\"https:\\\/\\\/noapuertobaru.com\"]}]}<\/script>\n<!-- \/ Yoast SEO plugin. -->","yoast_head_json":{"title":"La criminalizaci\u00f3n de organizaciones ambientales en Panam\u00e1 llega a la prensa internacional - No a Puerto Bar&uacute;","robots":{"index":"index","follow":"follow","max-snippet":"max-snippet:-1","max-image-preview":"max-image-preview:large","max-video-preview":"max-video-preview:-1"},"canonical":"https:\/\/noapuertobaru.com\/en\/articles-2\/the-criminalization-of-environmental-organizations-in-panama-reaches-the-international-press\/","og_locale":"en_GB","og_type":"article","og_title":"La criminalizaci\u00f3n de organizaciones ambientales en Panam\u00e1 llega a la prensa internacional - No a Puerto Bar&uacute;","og_description":"El conflicto en torno al proyecto portuario Puerto Bar\u00fa, en la provincia de Chiriqu\u00ed, ha dado un nuevo giro. La presi\u00f3n legal contra organizaciones ambientales que se oponen al proyecto ya no es solo una discusi\u00f3n local, hoy la situaci\u00f3n ha comenzado a llamar la atenci\u00f3n de la prensa internacional. Un reciente reportaje de Mongabay, [&hellip;]","og_url":"https:\/\/noapuertobaru.com\/en\/articles-2\/the-criminalization-of-environmental-organizations-in-panama-reaches-the-international-press\/","og_site_name":"No a Puerto Bar&uacute;","article_published_time":"2026-03-05T09:48:13+00:00","article_modified_time":"2026-03-05T09:52:59+00:00","og_image":[{"width":1280,"height":720,"url":"https:\/\/noapuertobaru.com\/wp-content\/uploads\/2026\/03\/panama-ngos-face-lawsuits-asset-seizures-in-fight-over-port-construction.jpg","type":"image\/jpeg"}],"author":"No A Puerto Baru","twitter_card":"summary_large_image","twitter_misc":{"Written by":"No A Puerto Baru","Estimated reading time":"4 minutes"},"schema":{"@context":"https:\/\/schema.org","@graph":[{"@type":"Article","@id":"https:\/\/noapuertobaru.com\/articulos\/la-criminalizacion-de-organizaciones-ambientales-en-panama-llega-a-la-prensa-internacional\/#article","isPartOf":{"@id":"https:\/\/noapuertobaru.com\/articulos\/la-criminalizacion-de-organizaciones-ambientales-en-panama-llega-a-la-prensa-internacional\/"},"author":{"name":"No A Puerto Baru","@id":"https:\/\/noapuertobaru.com\/#\/schema\/person\/1f0f33ea00eb779827aa098c002fa54c"},"headline":"La criminalizaci\u00f3n de organizaciones ambientales en Panam\u00e1 llega a la prensa internacional","datePublished":"2026-03-05T09:48:13+00:00","dateModified":"2026-03-05T09:52:59+00:00","mainEntityOfPage":{"@id":"https:\/\/noapuertobaru.com\/articulos\/la-criminalizacion-de-organizaciones-ambientales-en-panama-llega-a-la-prensa-internacional\/"},"wordCount":783,"image":{"@id":"https:\/\/noapuertobaru.com\/articulos\/la-criminalizacion-de-organizaciones-ambientales-en-panama-llega-a-la-prensa-internacional\/#primaryimage"},"thumbnailUrl":"https:\/\/noapuertobaru.com\/wp-content\/uploads\/2026\/03\/panama-ngos-face-lawsuits-asset-seizures-in-fight-over-port-construction.jpg","keywords":["Comunicado de prensa","Puerto Baru"],"articleSection":["Art\u00edculos"],"inLanguage":"en-GB"},{"@type":"WebPage","@id":"https:\/\/noapuertobaru.com\/articulos\/la-criminalizacion-de-organizaciones-ambientales-en-panama-llega-a-la-prensa-internacional\/","url":"https:\/\/noapuertobaru.com\/articulos\/la-criminalizacion-de-organizaciones-ambientales-en-panama-llega-a-la-prensa-internacional\/","name":"La criminalizaci\u00f3n de organizaciones ambientales en Panam\u00e1 llega a la prensa internacional - No a Puerto Bar&uacute;","isPartOf":{"@id":"https:\/\/noapuertobaru.com\/#website"},"primaryImageOfPage":{"@id":"https:\/\/noapuertobaru.com\/articulos\/la-criminalizacion-de-organizaciones-ambientales-en-panama-llega-a-la-prensa-internacional\/#primaryimage"},"image":{"@id":"https:\/\/noapuertobaru.com\/articulos\/la-criminalizacion-de-organizaciones-ambientales-en-panama-llega-a-la-prensa-internacional\/#primaryimage"},"thumbnailUrl":"https:\/\/noapuertobaru.com\/wp-content\/uploads\/2026\/03\/panama-ngos-face-lawsuits-asset-seizures-in-fight-over-port-construction.jpg","datePublished":"2026-03-05T09:48:13+00:00","dateModified":"2026-03-05T09:52:59+00:00","author":{"@id":"https:\/\/noapuertobaru.com\/#\/schema\/person\/1f0f33ea00eb779827aa098c002fa54c"},"breadcrumb":{"@id":"https:\/\/noapuertobaru.com\/articulos\/la-criminalizacion-de-organizaciones-ambientales-en-panama-llega-a-la-prensa-internacional\/#breadcrumb"},"inLanguage":"en-GB","potentialAction":[{"@type":"ReadAction","target":["https:\/\/noapuertobaru.com\/articulos\/la-criminalizacion-de-organizaciones-ambientales-en-panama-llega-a-la-prensa-internacional\/"]}]},{"@type":"ImageObject","inLanguage":"en-GB","@id":"https:\/\/noapuertobaru.com\/articulos\/la-criminalizacion-de-organizaciones-ambientales-en-panama-llega-a-la-prensa-internacional\/#primaryimage","url":"https:\/\/noapuertobaru.com\/wp-content\/uploads\/2026\/03\/panama-ngos-face-lawsuits-asset-seizures-in-fight-over-port-construction.jpg","contentUrl":"https:\/\/noapuertobaru.com\/wp-content\/uploads\/2026\/03\/panama-ngos-face-lawsuits-asset-seizures-in-fight-over-port-construction.jpg","width":1280,"height":720},{"@type":"BreadcrumbList","@id":"https:\/\/noapuertobaru.com\/articulos\/la-criminalizacion-de-organizaciones-ambientales-en-panama-llega-a-la-prensa-internacional\/#breadcrumb","itemListElement":[{"@type":"ListItem","position":1,"name":"Home","item":"https:\/\/noapuertobaru.com\/"},{"@type":"ListItem","position":2,"name":"La criminalizaci\u00f3n de organizaciones ambientales en Panam\u00e1 llega a la prensa internacional"}]},{"@type":"WebSite","@id":"https:\/\/noapuertobaru.com\/#website","url":"https:\/\/noapuertobaru.com\/","name":"No To Puerto Bar\u00fa","description":"No a Puerto Bar\u00fa is a coalition of environmental organisations from Panama.","potentialAction":[{"@type":"SearchAction","target":{"@type":"EntryPoint","urlTemplate":"https:\/\/noapuertobaru.com\/?s={search_term_string}"},"query-input":{"@type":"PropertyValueSpecification","valueRequired":true,"valueName":"search_term_string"}}],"inLanguage":"en-GB"},{"@type":"Person","@id":"https:\/\/noapuertobaru.com\/#\/schema\/person\/1f0f33ea00eb779827aa098c002fa54c","name":"No A Puerto Baru","description":"No to Puerto Bar\u00fa is a group of likeminded organizations and individuals from Panama, including marine scientists, environmental lawyers, biologists and technicians, concerned with the impact that the Puerto Bar\u00fa project will have on the environment.","sameAs":["https:\/\/noapuertobaru.com"]}]}},"_links":{"self":[{"href":"https:\/\/noapuertobaru.com\/en\/wp-json\/wp\/v2\/posts\/1396","targetHints":{"allow":["GET"]}}],"collection":[{"href":"https:\/\/noapuertobaru.com\/en\/wp-json\/wp\/v2\/posts"}],"about":[{"href":"https:\/\/noapuertobaru.com\/en\/wp-json\/wp\/v2\/types\/post"}],"author":[{"embeddable":true,"href":"https:\/\/noapuertobaru.com\/en\/wp-json\/wp\/v2\/users\/1"}],"replies":[{"embeddable":true,"href":"https:\/\/noapuertobaru.com\/en\/wp-json\/wp\/v2\/comments?post=1396"}],"version-history":[{"count":2,"href":"https:\/\/noapuertobaru.com\/en\/wp-json\/wp\/v2\/posts\/1396\/revisions"}],"predecessor-version":[{"id":1399,"href":"https:\/\/noapuertobaru.com\/en\/wp-json\/wp\/v2\/posts\/1396\/revisions\/1399"}],"wp:featuredmedia":[{"embeddable":true,"href":"https:\/\/noapuertobaru.com\/en\/wp-json\/wp\/v2\/media\/1397"}],"wp:attachment":[{"href":"https:\/\/noapuertobaru.com\/en\/wp-json\/wp\/v2\/media?parent=1396"}],"wp:term":[{"taxonomy":"category","embeddable":true,"href":"https:\/\/noapuertobaru.com\/en\/wp-json\/wp\/v2\/categories?post=1396"},{"taxonomy":"post_tag","embeddable":true,"href":"https:\/\/noapuertobaru.com\/en\/wp-json\/wp\/v2\/tags?post=1396"}],"curies":[{"name":"wp","href":"https:\/\/api.w.org\/{rel}","templated":true}]}}